{"id":258,"date":"2023-10-04T16:58:41","date_gmt":"2023-10-04T14:58:41","guid":{"rendered":"http:\/\/www.stadttv-warburg.de\/?p=258"},"modified":"2023-10-04T17:05:47","modified_gmt":"2023-10-04T15:05:47","slug":"festzug-74-warburger-oktoberwoche","status":"publish","type":"post","link":"http:\/\/www.stadttv-warburg.de\/?p=258","title":{"rendered":"Festzug 74. Warburger Oktoberwoche"},"content":{"rendered":"\n<p>&#8222;Warburg, Heimat feiern!&#8220; lautete das Motto des diesj\u00e4hrigen Festzuges. Nur leider spielte das Wetter nicht mit&#8230;\u00a0<\/p>\n<p>Viel Vergn\u00fcgen mit dem Video des Festzuges, oder dem, was davon \u00fcbrig war&#8230; aber viele der kleinsten Teilnehmer hielten tapfer durch, ein riesengro\u00dfes Dankesch\u00f6n daf\u00fcr!<\/p>\n<p><iframe loading=\"lazy\" title=\"Festzug Oki2023\" width=\"525\" height=\"295\" src=\"https:\/\/www.youtube.com\/embed\/YVYjSKv-2pk?feature=oembed\" frameborder=\"0\" allow=\"accelerometer; autoplay; clipboard-write; encrypted-media; gyroscope; picture-in-picture; web-share\" referrerpolicy=\"strict-origin-when-cross-origin\" allowfullscreen><\/iframe><\/p>\n","protected":false},"excerpt":{"rendered":"<p>&#8222;Warburg, Heimat feiern!&#8220; lautete das Motto des diesj\u00e4hrigen Festzuges. Nur leider spielte das Wetter nicht mit&#8230;\u00a0 Viel Vergn\u00fcgen mit dem Video des Festzuges, oder dem, was davon \u00fcbrig war&#8230; aber viele der kleinsten Teilnehmer hielten tapfer durch, ein riesengro\u00dfes Dankesch\u00f6n daf\u00fcr!<\/p>\n","protected":false},"author":1,"featured_media":0,"comment_status":"closed","ping_status":"closed","sticky":false,"template":"","format":"standard","meta":{"footnotes":""},"categories":[1],"tags":[],"class_list":["post-258","post","type-post","status-publish","format-standard","hentry","category-news"],"_links":{"self":[{"href":"http:\/\/www.stadttv-warburg.de\/index.php?rest_route=\/wp\/v2\/posts\/258","targetHints":{"allow":["GET"]}}],"collection":[{"href":"http:\/\/www.stadttv-warburg.de\/index.php?rest_route=\/wp\/v2\/posts"}],"about":[{"href":"http:\/\/www.stadttv-warburg.de\/index.php?rest_route=\/wp\/v2\/types\/post"}],"author":[{"embeddable":true,"href":"http:\/\/www.stadttv-warburg.de\/index.php?rest_route=\/wp\/v2\/users\/1"}],"replies":[{"embeddable":true,"href":"http:\/\/www.stadttv-warburg.de\/index.php?rest_route=%2Fwp%2Fv2%2Fcomments&post=258"}],"version-history":[{"count":4,"href":"http:\/\/www.stadttv-warburg.de\/index.php?rest_route=\/wp\/v2\/posts\/258\/revisions"}],"predecessor-version":[{"id":262,"href":"http:\/\/www.stadttv-warburg.de\/index.php?rest_route=\/wp\/v2\/posts\/258\/revisions\/262"}],"wp:attachment":[{"href":"http:\/\/www.stadttv-warburg.de\/index.php?rest_route=%2Fwp%2Fv2%2Fmedia&parent=258"}],"wp:term":[{"taxonomy":"category","embeddable":true,"href":"http:\/\/www.stadttv-warburg.de\/index.php?rest_route=%2Fwp%2Fv2%2Fcategories&post=258"},{"taxonomy":"post_tag","embeddable":true,"href":"http:\/\/www.stadttv-warburg.de\/index.php?rest_route=%2Fwp%2Fv2%2Ftags&post=258"}],"curies":[{"name":"wp","href":"https:\/\/api.w.org\/{rel}","templated":true}]}}